{"id":106929,"date":"2026-06-12T14:49:43","date_gmt":"2026-06-12T14:49:43","guid":{"rendered":""},"modified":"-0001-11-30T00:00:00","modified_gmt":"-0001-11-29T22:00:00","slug":"rugby-per-disabili-e-educazione-fisica-modelli-di-integrazione","status":"publish","type":"post","link":"https:\/\/www.vgen.it\/en\/rugby-per-disabili-e-educazione-fisica-modelli-di-integrazione\/","title":{"rendered":"Rugby per disabili e educazione fisica: modelli di integrazione"},"content":{"rendered":"<h2>Barriere culturali<\/h2>\n<p>Le scuole guardano il rugby per disabili come un optional, non come un diritto. Qui nasce il problema pi\u00f9 crudo: la percezione di \u201cdiverso\u201d come ostacolo, non opportunit\u00e0. I docenti temono la complessit\u00e0, ignorano il potenziale inclusivo. Il risultato? Allenamenti tagliati, spazi negati, entusiasmo soffocato. In poche parole, la cultura dell\u2019esclusione \u00e8 ancora forte.<\/p>\n<h2>Modelli di successo<\/h2>\n<p>Guardate il caso di una squadra universitaria che ha adottato il \u201ctouch rugby\u201d adattato. Quattro sedute a settimana, regole semplificate, attrezzature leggere: il risultato \u00e8 stato una classe di giovani che ha iniziato a parlare di squadra, non di handicap. L\u2019approccio \u00e8 stato pragmatico, non romantico. Hanno coinvolto fisioterapisti, hanno creato percorsi di progressione chiari.<\/p>\n<h3>Il ruolo dell\u2019educazione fisica<\/h3>\n<p>Qui la linea \u00e8 netta: l\u2019Educatore fisico deve diventare facilitatore, non guardiano. Non basta dire \u201cs\u00ec, facciamo rugby\u201d, bisogna pianificare obiettivi misurabili, integrare il gioco nella programmazione settimanale, valutare il coinvolgimento con metriche di partecipazione. Quando la didattica diventa esperienziale, il disabile smette di sentirsi \u201caltro\u201d.<\/p>\n<h2>Strumenti pratici<\/h2>\n<p>Strutture? Utilizzate il campo multidimensionale gi\u00e0 presente nelle scuole. Riorganizzate le aree con coni pi\u00f9 grandi, palloni pi\u00f9 morbidi. Le regole? Semplificate. Non serve il placcaggio completo; il \u201ctackle\u201d \u00e8 un gesto di contatto controllato, pi\u00f9 simile a un abbraccio. E, a proposito, la sicurezza \u00e8 garantita da una rete di allenatori certificati.<\/p>\n<h3>Formazione docente<\/h3>\n<p>Formazione intensiva di 12 ore, concentrata su metodologie inclusive, \u00e8 il minimo accettabile. Le scuole che hanno investito in corsi di \u201cRugby Adapted\u201d hanno visto aumentare la partecipazione del 40% in un semestre. La chiave \u00e8 la continuit\u00e0: un workshop isolato non basta; servono sessioni di follow\u2011up, mentoring, feedback costante.<\/p>\n<h2>Strategie di diffusione<\/h2>\n<p>Il passaparola \u00e8 il motore. Quando una squadra di ragazzi racconta la sua esperienza, la scuola intera prende atto. Qui entra il sito <a href=\"https:\/\/handicaprugbyscomm.com\">handicaprugbyscomm.com<\/a>, una piattaforma di risorse, video e testimonianze. Usa i casi studio per costruire una narrativa convincente, non una brochure noiosa.<\/p>\n<h3>Azioni immediate<\/h3>\n<p>Ecco il punto: scegli un insegnante, fissalo su un calendario, chiedi una prova di touch rugby nella prossima settimana. Nessuna pianificazione complessa, solo un&#8217;azione concreta. Il resto seguir\u00e0.<\/p>","protected":false},"excerpt":{"rendered":"<p>Barriere culturali Le scuole guardano il rugby per disabili come un optional, non come un diritto. Qui nasce il problema pi\u00f9 crudo: la percezione di \u201cdiverso\u201d come ostacolo, non opportunit\u00e0. I docenti temono la complessit\u00e0, ignorano il potenziale inclusivo. Il risultato? Allenamenti tagliati, spazi negati, entusiasmo soffocato. In poche parole, la cultura dell\u2019esclusione \u00e8 ancora [&hellip;]<\/p>\n","protected":false},"author":87,"featured_media":0,"comment_status":"closed","ping_status":"closed","sticky":false,"template":"","format":"standard","meta":{"_acf_changed":false,"footnotes":""},"categories":[],"tags":[],"class_list":["post-106929","post","type-post","status-publish","format-standard","hentry"],"acf":[],"yoast_head":"<!-- This site is optimized with the Yoast SEO plugin v28.2 - https:\/\/yoast.com\/product\/yoast-seo-wordpress\/ -->\n<title>Rugby per disabili e educazione fisica: modelli di integrazione - VGen<\/title>\n<meta name=\"robots\" content=\"index, follow, max-snippet:-1, max-image-preview:large, max-video-preview:-1\" \/>\n<link rel=\"canonical\" href=\"https:\/\/www.vgen.it\/en\/rugby-per-disabili-e-educazione-fisica-modelli-di-integrazione\/\" \/>\n<meta property=\"og:locale\" content=\"en_GB\" \/>\n<meta property=\"og:type\" content=\"article\" \/>\n<meta property=\"og:title\" content=\"Rugby per disabili e educazione fisica: modelli di integrazione - VGen\" \/>\n<meta property=\"og:description\" content=\"Barriere culturali Le scuole guardano il rugby per disabili come un optional, non come un diritto. Qui nasce il problema pi\u00f9 crudo: la percezione di \u201cdiverso\u201d come ostacolo, non opportunit\u00e0. I docenti temono la complessit\u00e0, ignorano il potenziale inclusivo. Il risultato? Allenamenti tagliati, spazi negati, entusiasmo soffocato. In poche parole, la cultura dell\u2019esclusione \u00e8 ancora [&hellip;]\" \/>\n<meta property=\"og:url\" content=\"https:\/\/www.vgen.it\/en\/rugby-per-disabili-e-educazione-fisica-modelli-di-integrazione\/\" \/>\n<meta property=\"og:site_name\" content=\"VGen\" \/>\n<meta property=\"article:publisher\" content=\"https:\/\/www.facebook.com\/v0gen\" \/>\n<meta property=\"article:published_time\" content=\"2026-06-12T14:49:43+00:00\" \/>\n<meta name=\"author\" content=\"Floriano Bonfigli\" \/>\n<meta name=\"twitter:card\" content=\"summary_large_image\" \/>\n<meta name=\"twitter:label1\" content=\"Written by\" \/>\n\t<meta name=\"twitter:data1\" content=\"Floriano Bonfigli\" \/>\n\t<meta name=\"twitter:label2\" content=\"Estimated reading time\" \/>\n\t<meta name=\"twitter:data2\" content=\"2 minutes\" \/>\n<script type=\"application\/ld+json\" class=\"yoast-schema-graph\">{\"@context\":\"https:\\\/\\\/schema.org\",\"@graph\":[{\"@type\":\"Article\",\"@id\":\"https:\\\/\\\/www.vgen.it\\\/it\\\/rugby-per-disabili-e-educazione-fisica-modelli-di-integrazione\\\/#article\",\"isPartOf\":{\"@id\":\"https:\\\/\\\/www.vgen.it\\\/it\\\/rugby-per-disabili-e-educazione-fisica-modelli-di-integrazione\\\/\"},\"author\":{\"name\":\"Floriano Bonfigli\",\"@id\":\"https:\\\/\\\/www.vgen.it\\\/it\\\/#\\\/schema\\\/person\\\/1aaa71f7e974d10dec13c21d602fcdfc\"},\"headline\":\"Rugby per disabili e educazione fisica: modelli di integrazione\",\"datePublished\":\"2026-06-12T14:49:43+00:00\",\"mainEntityOfPage\":{\"@id\":\"https:\\\/\\\/www.vgen.it\\\/it\\\/rugby-per-disabili-e-educazione-fisica-modelli-di-integrazione\\\/\"},\"wordCount\":353,\"publisher\":{\"@id\":\"https:\\\/\\\/www.vgen.it\\\/it\\\/#organization\"},\"inLanguage\":\"en-GB\"},{\"@type\":\"WebPage\",\"@id\":\"https:\\\/\\\/www.vgen.it\\\/it\\\/rugby-per-disabili-e-educazione-fisica-modelli-di-integrazione\\\/\",\"url\":\"https:\\\/\\\/www.vgen.it\\\/it\\\/rugby-per-disabili-e-educazione-fisica-modelli-di-integrazione\\\/\",\"name\":\"Rugby per disabili e educazione fisica: modelli di integrazione - VGen\",\"isPartOf\":{\"@id\":\"https:\\\/\\\/www.vgen.it\\\/it\\\/#website\"},\"datePublished\":\"2026-06-12T14:49:43+00:00\",\"breadcrumb\":{\"@id\":\"https:\\\/\\\/www.vgen.it\\\/it\\\/rugby-per-disabili-e-educazione-fisica-modelli-di-integrazione\\\/#breadcrumb\"},\"inLanguage\":\"en-GB\",\"potentialAction\":[{\"@type\":\"ReadAction\",\"target\":[\"https:\\\/\\\/www.vgen.it\\\/it\\\/rugby-per-disabili-e-educazione-fisica-modelli-di-integrazione\\\/\"]}]},{\"@type\":\"BreadcrumbList\",\"@id\":\"https:\\\/\\\/www.vgen.it\\\/it\\\/rugby-per-disabili-e-educazione-fisica-modelli-di-integrazione\\\/#breadcrumb\",\"itemListElement\":[{\"@type\":\"ListItem\",\"position\":1,\"name\":\"Home\",\"item\":\"https:\\\/\\\/www.vgen.it\\\/\"},{\"@type\":\"ListItem\",\"position\":2,\"name\":\"Rugby per disabili e educazione fisica: modelli di integrazione\"}]},{\"@type\":\"WebSite\",\"@id\":\"https:\\\/\\\/www.vgen.it\\\/it\\\/#website\",\"url\":\"https:\\\/\\\/www.vgen.it\\\/it\\\/\",\"name\":\"VGen\",\"description\":\"Connecting Companies with New Generations\",\"publisher\":{\"@id\":\"https:\\\/\\\/www.vgen.it\\\/it\\\/#organization\"},\"potentialAction\":[{\"@type\":\"SearchAction\",\"target\":{\"@type\":\"EntryPoint\",\"urlTemplate\":\"https:\\\/\\\/www.vgen.it\\\/it\\\/?s={search_term_string}\"},\"query-input\":{\"@type\":\"PropertyValueSpecification\",\"valueRequired\":true,\"valueName\":\"search_term_string\"}}],\"inLanguage\":\"en-GB\"},{\"@type\":\"Organization\",\"@id\":\"https:\\\/\\\/www.vgen.it\\\/it\\\/#organization\",\"name\":\"VGen\",\"url\":\"https:\\\/\\\/www.vgen.it\\\/it\\\/\",\"logo\":{\"@type\":\"ImageObject\",\"inLanguage\":\"en-GB\",\"@id\":\"https:\\\/\\\/www.vgen.it\\\/it\\\/#\\\/schema\\\/logo\\\/image\\\/\",\"url\":\"https:\\\/\\\/www.vgen.it\\\/wp-content\\\/uploads\\\/2019\\\/11\\\/vgen2.jpg\",\"contentUrl\":\"https:\\\/\\\/www.vgen.it\\\/wp-content\\\/uploads\\\/2019\\\/11\\\/vgen2.jpg\",\"width\":2100,\"height\":2100,\"caption\":\"VGen\"},\"image\":{\"@id\":\"https:\\\/\\\/www.vgen.it\\\/it\\\/#\\\/schema\\\/logo\\\/image\\\/\"},\"sameAs\":[\"https:\\\/\\\/www.facebook.com\\\/v0gen\",\"https:\\\/\\\/www.instagram.com\\\/vgen_ig\\\/\",\"https:\\\/\\\/www.linkedin.com\\\/company\\\/vgen\\\/\",\"https:\\\/\\\/www.youtube.com\\\/channel\\\/UCoOsUJXt0ZwPGy2JkHHFZ5A\"]},{\"@type\":\"Person\",\"@id\":\"https:\\\/\\\/www.vgen.it\\\/it\\\/#\\\/schema\\\/person\\\/1aaa71f7e974d10dec13c21d602fcdfc\",\"name\":\"Floriano Bonfigli\",\"image\":{\"@type\":\"ImageObject\",\"inLanguage\":\"en-GB\",\"@id\":\"https:\\\/\\\/secure.gravatar.com\\\/avatar\\\/36ed70d5cbb9fb6e582752bbd7a6527525e0dc9f330de50f8470b25fe18bc6f5?s=96&d=mm&r=g\",\"url\":\"https:\\\/\\\/secure.gravatar.com\\\/avatar\\\/36ed70d5cbb9fb6e582752bbd7a6527525e0dc9f330de50f8470b25fe18bc6f5?s=96&d=mm&r=g\",\"contentUrl\":\"https:\\\/\\\/secure.gravatar.com\\\/avatar\\\/36ed70d5cbb9fb6e582752bbd7a6527525e0dc9f330de50f8470b25fe18bc6f5?s=96&d=mm&r=g\",\"caption\":\"Floriano Bonfigli\"},\"url\":\"https:\\\/\\\/www.vgen.it\\\/en\\\/author\\\/floriano\\\/\"}]}<\/script>\n<!-- \/ Yoast SEO plugin. -->","yoast_head_json":{"title":"Rugby per disabili e educazione fisica: modelli di integrazione - VGen","robots":{"index":"index","follow":"follow","max-snippet":"max-snippet:-1","max-image-preview":"max-image-preview:large","max-video-preview":"max-video-preview:-1"},"canonical":"https:\/\/www.vgen.it\/en\/rugby-per-disabili-e-educazione-fisica-modelli-di-integrazione\/","og_locale":"en_GB","og_type":"article","og_title":"Rugby per disabili e educazione fisica: modelli di integrazione - VGen","og_description":"Barriere culturali Le scuole guardano il rugby per disabili come un optional, non come un diritto. Qui nasce il problema pi\u00f9 crudo: la percezione di \u201cdiverso\u201d come ostacolo, non opportunit\u00e0. I docenti temono la complessit\u00e0, ignorano il potenziale inclusivo. Il risultato? Allenamenti tagliati, spazi negati, entusiasmo soffocato. In poche parole, la cultura dell\u2019esclusione \u00e8 ancora [&hellip;]","og_url":"https:\/\/www.vgen.it\/en\/rugby-per-disabili-e-educazione-fisica-modelli-di-integrazione\/","og_site_name":"VGen","article_publisher":"https:\/\/www.facebook.com\/v0gen","article_published_time":"2026-06-12T14:49:43+00:00","author":"Floriano Bonfigli","twitter_card":"summary_large_image","twitter_misc":{"Written by":"Floriano Bonfigli","Estimated reading time":"2 minutes"},"schema":{"@context":"https:\/\/schema.org","@graph":[{"@type":"Article","@id":"https:\/\/www.vgen.it\/it\/rugby-per-disabili-e-educazione-fisica-modelli-di-integrazione\/#article","isPartOf":{"@id":"https:\/\/www.vgen.it\/it\/rugby-per-disabili-e-educazione-fisica-modelli-di-integrazione\/"},"author":{"name":"Floriano Bonfigli","@id":"https:\/\/www.vgen.it\/it\/#\/schema\/person\/1aaa71f7e974d10dec13c21d602fcdfc"},"headline":"Rugby per disabili e educazione fisica: modelli di integrazione","datePublished":"2026-06-12T14:49:43+00:00","mainEntityOfPage":{"@id":"https:\/\/www.vgen.it\/it\/rugby-per-disabili-e-educazione-fisica-modelli-di-integrazione\/"},"wordCount":353,"publisher":{"@id":"https:\/\/www.vgen.it\/it\/#organization"},"inLanguage":"en-GB"},{"@type":"WebPage","@id":"https:\/\/www.vgen.it\/it\/rugby-per-disabili-e-educazione-fisica-modelli-di-integrazione\/","url":"https:\/\/www.vgen.it\/it\/rugby-per-disabili-e-educazione-fisica-modelli-di-integrazione\/","name":"Rugby per disabili e educazione fisica: modelli di integrazione - VGen","isPartOf":{"@id":"https:\/\/www.vgen.it\/it\/#website"},"datePublished":"2026-06-12T14:49:43+00:00","breadcrumb":{"@id":"https:\/\/www.vgen.it\/it\/rugby-per-disabili-e-educazione-fisica-modelli-di-integrazione\/#breadcrumb"},"inLanguage":"en-GB","potentialAction":[{"@type":"ReadAction","target":["https:\/\/www.vgen.it\/it\/rugby-per-disabili-e-educazione-fisica-modelli-di-integrazione\/"]}]},{"@type":"BreadcrumbList","@id":"https:\/\/www.vgen.it\/it\/rugby-per-disabili-e-educazione-fisica-modelli-di-integrazione\/#breadcrumb","itemListElement":[{"@type":"ListItem","position":1,"name":"Home","item":"https:\/\/www.vgen.it\/"},{"@type":"ListItem","position":2,"name":"Rugby per disabili e educazione fisica: modelli di integrazione"}]},{"@type":"WebSite","@id":"https:\/\/www.vgen.it\/it\/#website","url":"https:\/\/www.vgen.it\/it\/","name":"VGen","description":"Connecting Companies with New Generations","publisher":{"@id":"https:\/\/www.vgen.it\/it\/#organization"},"potentialAction":[{"@type":"SearchAction","target":{"@type":"EntryPoint","urlTemplate":"https:\/\/www.vgen.it\/it\/?s={search_term_string}"},"query-input":{"@type":"PropertyValueSpecification","valueRequired":true,"valueName":"search_term_string"}}],"inLanguage":"en-GB"},{"@type":"Organization","@id":"https:\/\/www.vgen.it\/it\/#organization","name":"VGen","url":"https:\/\/www.vgen.it\/it\/","logo":{"@type":"ImageObject","inLanguage":"en-GB","@id":"https:\/\/www.vgen.it\/it\/#\/schema\/logo\/image\/","url":"https:\/\/www.vgen.it\/wp-content\/uploads\/2019\/11\/vgen2.jpg","contentUrl":"https:\/\/www.vgen.it\/wp-content\/uploads\/2019\/11\/vgen2.jpg","width":2100,"height":2100,"caption":"VGen"},"image":{"@id":"https:\/\/www.vgen.it\/it\/#\/schema\/logo\/image\/"},"sameAs":["https:\/\/www.facebook.com\/v0gen","https:\/\/www.instagram.com\/vgen_ig\/","https:\/\/www.linkedin.com\/company\/vgen\/","https:\/\/www.youtube.com\/channel\/UCoOsUJXt0ZwPGy2JkHHFZ5A"]},{"@type":"Person","@id":"https:\/\/www.vgen.it\/it\/#\/schema\/person\/1aaa71f7e974d10dec13c21d602fcdfc","name":"Floriano Bonfigli","image":{"@type":"ImageObject","inLanguage":"en-GB","@id":"https:\/\/secure.gravatar.com\/avatar\/36ed70d5cbb9fb6e582752bbd7a6527525e0dc9f330de50f8470b25fe18bc6f5?s=96&d=mm&r=g","url":"https:\/\/secure.gravatar.com\/avatar\/36ed70d5cbb9fb6e582752bbd7a6527525e0dc9f330de50f8470b25fe18bc6f5?s=96&d=mm&r=g","contentUrl":"https:\/\/secure.gravatar.com\/avatar\/36ed70d5cbb9fb6e582752bbd7a6527525e0dc9f330de50f8470b25fe18bc6f5?s=96&d=mm&r=g","caption":"Floriano Bonfigli"},"url":"https:\/\/www.vgen.it\/en\/author\/floriano\/"}]}},"_links":{"self":[{"href":"https:\/\/www.vgen.it\/en\/wp-json\/wp\/v2\/posts\/106929","targetHints":{"allow":["GET"]}}],"collection":[{"href":"https:\/\/www.vgen.it\/en\/wp-json\/wp\/v2\/posts"}],"about":[{"href":"https:\/\/www.vgen.it\/en\/wp-json\/wp\/v2\/types\/post"}],"author":[{"embeddable":true,"href":"https:\/\/www.vgen.it\/en\/wp-json\/wp\/v2\/users\/87"}],"replies":[{"embeddable":true,"href":"https:\/\/www.vgen.it\/en\/wp-json\/wp\/v2\/comments?post=106929"}],"version-history":[{"count":0,"href":"https:\/\/www.vgen.it\/en\/wp-json\/wp\/v2\/posts\/106929\/revisions"}],"wp:attachment":[{"href":"https:\/\/www.vgen.it\/en\/wp-json\/wp\/v2\/media?parent=106929"}],"wp:term":[{"taxonomy":"category","embeddable":true,"href":"https:\/\/www.vgen.it\/en\/wp-json\/wp\/v2\/categories?post=106929"},{"taxonomy":"post_tag","embeddable":true,"href":"https:\/\/www.vgen.it\/en\/wp-json\/wp\/v2\/tags?post=106929"}],"curies":[{"name":"wp","href":"https:\/\/api.w.org\/{rel}","templated":true}]}}