{"id":77075,"date":"2023-10-31T16:56:15","date_gmt":"2023-10-31T14:56:15","guid":{"rendered":"https:\/\/www.vgen.it\/?p=77075"},"modified":"2023-11-15T13:44:39","modified_gmt":"2023-11-15T11:44:39","slug":"dietro-le-quinte-enterprise-architect-esperienza-di-nicolo-busnelli-consultant-valueline-plas-bip","status":"publish","type":"post","link":"https:\/\/www.vgen.it\/en\/dietro-le-quinte-enterprise-architect-esperienza-di-nicolo-busnelli-consultant-valueline-plas-bip\/","title":{"rendered":"Dietro le Quinte dell&#8217;Enterprise Architect: L&#8217;Esperienza di Nicol\u00f2 Busnelli, Consultant nella value line PLAS di BIP"},"content":{"rendered":"<h1><span style=\"color: #666666; font-family: ubuntu; font-size: 20px;\">Benvenuti a questa intervista speciale! Oggi abbiamo il piacere di parlare con <\/span><span style=\"font-family: ubuntu; font-size: 20px; color: #ff0000;\"><strong>Nicol\u00f2 Busnelli<\/strong><\/span><span style=\"color: #666666; font-family: ubuntu; font-size: 20px;\">, <em>Consultant<\/em> ed <em>Enterprise Architect<\/em> nella value line PLAS di BIP. Questa \u00e8 un&#8217;occasione unica per chi di voi ha sempre voluto saperne di pi\u00f9 riguardo a questi ruoli. Come si arriva a lavorare in posizioni cos\u00ec influenti? Quali sono le sfide quotidiane che si affrontano? Oggi avrete l&#8217;opportunit\u00e0 di sbirciare dietro le quinte, conoscendo il background di Nicol\u00f2 e capendo meglio il suo lavoro nel contesto di BIP. Immergiamoci quindi in questa interessante conversazione e scopriamo insieme ci\u00f2 che ha da raccontarci! \u2b07\ufe0f<\/span><\/h1>\n<p>&nbsp;<\/p>\n<p><!--more--><b><\/b><\/p>\n<div id=\"toc\" class=\"toc\" style=\"width: 750px; padding: 30px; border: 0px solid #aaa; background-color: #f9f9f9; font-size: 100%;\">\n<div id=\"toctitle\" style=\"font-size: 20px; text-align: left;\">\n<h3 style=\"font-size: 20px;\"><span style=\"font-family: dejavusans-bold; font-size: 18pt; color: #0c2440;\"><strong>INDEX:<\/strong><\/span><\/h3>\n<h3><span style=\"font-family: ubuntu-medium; color: #0c2440;\"><span style=\"font-size: 16pt;\"><a style=\"color: #0c2440;\" href=\"#header1\">1. <b>Inizio e Background Accademico<\/b><strong><br \/>\n<\/strong><\/a><a style=\"color: #0c2440;\" href=\"#header2\">2. <b>Come \u00e8 entrato in BIP<\/b><\/a><br \/>\n<a style=\"color: #0c2440;\" href=\"#header3\"><span class=\"toctext\">3.<strong> Esplorando il ruolo di Enterprise Architect <\/strong><\/span><\/a><br \/>\n<\/span><a style=\"color: #0c2440;\" href=\"#header4\"><span class=\"toctext\">4.<strong> Progetti e Innovazione<\/strong><\/span><\/a><\/span><br \/>\n<span style=\"font-family: ubuntu-medium; color: #0c2440;\"><a style=\"color: #0c2440;\" href=\"#header4\"><span class=\"toctext\">5.<\/span><\/a><a style=\"color: #0c2440;\" href=\"#header5\"><span class=\"toctext\"><strong> Formazione e Carriera con il Corso di Perfezionamento di BIP e Cefriel<\/strong><\/span><\/a><br \/>\n<a style=\"color: #0c2440;\" href=\"#header6\"><span class=\"toctext\">6.<\/span><\/a><a style=\"color: #0c2440;\" href=\"#header5\"><span class=\"toctext\"><strong> Ambiente di lavoro nella value line PLAS di BIP<\/strong><\/span><\/a><\/span><br \/>\n<span style=\"font-family: ubuntu-medium; color: #0c2440;\"><a style=\"color: #0c2440;\" href=\"#header7\"><span class=\"toctext\">7.<\/span><\/a><a style=\"color: #0c2440;\" href=\"#header7\"><span class=\"toctext\"><strong> Conclusione<\/strong><\/span><\/a><\/span><strong><br \/>\n<\/strong><\/h3>\n<\/div>\n<\/div>\n<p>&nbsp;<\/p>\n<p>&nbsp;<\/p>\n<p><!--more--><\/p>\n<h1><\/h1>\n<h1><span style=\"font-size: 16pt; font-family: ubuntu; color: #ffffff;\"><a id=\"header1\"><\/a><b><span style=\"background-color: #0c2440;\">Inizio e Background Accademico<\/span><\/b><\/span><\/h1>\n<h1><span style=\"font-size: 16pt; font-family: ubuntu;\"><b><i>Ciao Nicol\u00f2, grazie per aver accettato l\u2019intervista insieme. Ti va di raccontarci un po&#8217; di te: da dove vieni e quale percorso di studi hai seguito prima di entrare in BIP? \u00a0<\/i><\/b><\/span><\/h1>\n<blockquote><p><span style=\"font-size: 15pt; font-family: ubuntu;\">Certamente! Ho appena compiuto 28 anni e sono uno dei pochi milanesi doc, essendo nato e cresciuto a Milano. Sono da sempre un grande appassionato di motorsport e tecnologia e queste mie passioni mi hanno portato a scegliere un percorso universitario fortemente scientifico, studiando Ingegneria Aerospaziale prima ed in seguito conseguendo una<em><span style=\"color: #ff0000;\"><strong> laurea in Ingegneria Gestionale<\/strong><\/span><\/em>.<\/span><\/p><\/blockquote>\n<p>&nbsp;<\/p>\n<h1><span style=\"font-size: 16pt; font-family: ubuntu;\"><b><i> Quali sono state le tue motivazioni nella scelta del tuo corso di studi e come ritieni abbia influenzato la tua carriera?<\/i><\/b><\/span><\/h1>\n<blockquote><p><span style=\"font-size: 15pt; font-family: ubuntu;\">Come anticipato, la mia passione per il motorsport e la tecnologia pi\u00f9 in generale mi hanno guidato nella scelta di ingegneria, prima aerospaziale, sognando di lavorare in Formula 1, e gestionale dopo. Ho intrapreso quindi un percorso che mi permettesse di avere conoscenze e competenze trasversali su diversi ambiti molto diversi tra loro e questo senz\u2019altro mi ha permesso di imparare tantissimo su tematiche differenti che mi sono poi tornate utili nel <em>day by day<\/em>.<\/span><\/p><\/blockquote>\n<p>&nbsp;<\/p>\n<p><!--more--><\/p>\n<h1><span style=\"font-size: 16pt; font-family: ubuntu; color: #ffffff;\"><b><a id=\"header2\"><\/a> <span style=\"background-color: #0c2440;\"> Come \u00e8 entrato in BIP<\/span><\/b><\/span><\/h1>\n<h1><span style=\"font-size: 16pt; font-family: ubuntu;\"><b><i>Come hai scoperto BIP e cosa ti ha spinto a diventare parte di questo team? \u00a0<\/i><\/b><\/span><\/h1>\n<blockquote><p><span style=\"font-size: 15pt; font-family: ubuntu;\">Sono venuto a conoscenza di BIP grazie a degli amici ed ex-colleghi, che mi hanno inoltrato un annuncio sulla piattaforma LinkedIn. Parlando con loro, mi ha poi colpito l\u2019entusiasmo con cui affrontavano le sfide quotidiane e questo mi ha spinto ad approfondire BIP e, successivamente, candidarmi per la posizione.<br \/>\n<\/span><\/p><\/blockquote>\n<p>&nbsp;<\/p>\n<h1><span style=\"font-size: 16pt; font-family: ubuntu;\"><b><i>Quali sono state le tue prime impressioni quando hai iniziato a lavorare in BIP?<\/i><\/b><\/span><\/h1>\n<blockquote><p><span style=\"font-size: 15pt; font-family: ubuntu;\">Mi sono fin da subito trovato molto bene all\u2019interno di BIP. Ho trovato un <strong><span style=\"color: #ff0000;\">ambiente di lavoro <\/span><\/strong><em>giovane<\/em>,<em> dinamico<\/em> and <em>stimolante<\/em>, dove tra di noi c\u2019\u00e8 una competizione sana, volta alla crescita e miglioramento sia personale che dell\u2019intero team.<\/span><\/p>\n<p><span style=\"font-size: 15pt; font-family: ubuntu;\">Sono rimasto colpito anche dalle<strong><span style=\"color: #ff0000;\"> tante opportunit\u00e0 di formazione<\/span><\/strong> che sono offerte da BIP e che mi hanno permesso di sviluppare e approfondire le competenze acquisite durante il percorso universitario.<\/span><\/p><\/blockquote>\n<p>&nbsp;<\/p>\n<p><!--more--><\/p>\n<h1><span style=\"font-size: 16pt; font-family: ubuntu; color: #ffffff;\"><a id=\"header3\"><\/a><b>\u00a0<span style=\"background-color: #0c2440;\">Esplorando il ruolo di Enterprise Architect<\/span><\/b><\/span><\/h1>\n<h1><span style=\"font-size: 16pt; font-family: ubuntu;\"><b><i>In parole semplici, potresti spiegarci cosa fa un Enterprise Architect in un&#8217;azienda di consulenza come BIP?\u00a0\u00a0<\/i><\/b><\/span><\/h1>\n<blockquote><p><span style=\"font-size: 15pt; font-family: ubuntu;\">\u00c8 una domanda molto complessa, ma mi piacciono le sfide! Come Enterprise Architect siamo il <strong><span style=\"color: #ff0000;\">punto di contatto<\/span><\/strong> tra il <span style=\"color: #ff0000;\"><strong><em>business<\/em> <\/strong><\/span>and <em><strong><span style=\"color: #ff0000;\">dipartimento IT<\/span><\/strong><\/em>, <span style=\"text-decoration: underline;\">comunicando in modo semplice e chiaro<\/span> tematiche complesse e tecniche, tipiche dell\u2019IT. Nel concreto, il nostro ruolo \u00e8 supportare i nostri clienti nella <strong><span style=\"color: #ff0000;\"><em>digital transformation<\/em><\/span><\/strong>, mappando i <strong><span style=\"color: #ff0000;\"><em>sistemi applicativi<\/em> <\/span><\/strong>che sono presenti in azienda, come si interfacciano tra loro, come sono a supporto dei processi aziendali, ed infine progettando le architetture evolutive per permettere ai nostri clienti di traguardare gli <span style=\"color: #ff0000;\"><strong>obiettivi di business<\/strong><\/span> and <strong><span style=\"color: #ff0000;\">strategici<\/span><\/strong> prefissati.<br \/>\n<\/span><\/p><\/blockquote>\n<p>&nbsp;<\/p>\n<h1><span style=\"font-size: 16pt; font-family: ubuntu;\"><b><i>Quali competenze tecniche e le REAL SKILLS che ritieni siano fondamentali per un Enterprise Architect?<\/i><\/b><\/span><\/h1>\n<blockquote><p><span style=\"font-size: 15pt; font-family: ubuntu;\">Per svolgere al meglio il lavoro di Enterprise Architect, \u00e8 sicuramente necessaria una <span style=\"color: #ff0000;\"><strong>formazione di base<\/strong><\/span> su <strong><span style=\"color: #ff0000;\">aspetti tecnici<\/span><\/strong> e le <span style=\"color: #ff0000;\"><strong>principali metodologie<\/strong><\/span>, che nei canonici percorsi universitari \u00e8 <span style=\"text-decoration: underline;\">difficile trovare<\/span>.<\/span><\/p>\n<p><span style=\"font-size: 15pt; font-family: ubuntu;\">Proprio per questo motivo abbiamo organizzato e definito un <strong><span style=\"color: #ff0000;\">programma formativo specifi<\/span><span style=\"color: #ff0000;\">co<\/span><span style=\"color: #ff0000;\"> e dedicato<\/span><\/strong> a chi vuole intraprendere una carriera come Enterprise Architect. Naturalmente, con il tempo e l&#8217;esperienza si acquisiranno maggiori competenze verticali su uno specifico tema.<br \/>\n<\/span><\/p><\/blockquote>\n<p>&nbsp;<\/p>\n<h1><span style=\"font-size: 16pt; font-family: ubuntu;\"><b><i> Oltre alle competenze tecniche, quali SOFT SKILLS ritieni siano essenziali per avere successo in questo ruolo? \u00a0<\/i><\/b><\/span><\/h1>\n<blockquote><p><span style=\"font-size: 15pt; font-family: ubuntu;\">Ovviamente \u00e8 molto importante avere un\u2019attitudine a <span style=\"color: #ff0000;\"><strong>lavorare in <em>team<\/em><\/strong><\/span>. Questo \u00e8 fondamentale dato che spesso le progettualit\u00e0 su cui lavoriamo sono complesse ed \u00e8 necessario capitalizzare al meglio le competenze di tutti noi.<\/span><\/p>\n<p><span style=\"font-size: 15pt; font-family: ubuntu;\">Secondo me, inoltre, bisogna avere delle buone capacit\u00e0 di <strong><span style=\"color: #ff0000;\"><em>problem solving<\/em><\/span><\/strong>, per fronteggiare i problemi e sfide che quotidianamente affrontiamo. Non deve infine mancare una dose di <span style=\"color: #ff0000;\"><strong>curiosit\u00e0<\/strong> <\/span>che ci porta ad approfondire tematiche nuove, che ci permettano di crescere continuamente.<br \/>\n<\/span><\/p><\/blockquote>\n<p>&nbsp;<\/p>\n<h1><span style=\"font-size: 16pt; font-family: ubuntu;\"><b><i>Come mantieni aggiornate le tue competenze in un settore in rapida evoluzione come quello dell&#8217;architettura aziendale?<\/i><\/b><\/span><\/h1>\n<blockquote><p><span style=\"font-size: 15pt; font-family: ubuntu;\">Personalmente, cerco di tenermi aggiornato leggendo report, analisi e approfondimenti sulle principali tecnologie emergenti e su come queste impattano il nostro lavoro. Di recente ho anche iniziato a leggere degli articoli sui trend tecnologici futuri e su come questi impatteranno le principali industry in cui operiamo.<\/span><\/p>\n<p><span style=\"font-size: 15pt; font-family: ubuntu;\">Un\u2019ulteriore fonte, che utilizzo per tenermi aggiornato, sono i congressi o conferenze online, dove vengono approfonditi temi tecnologici, come l\u2019AI, o temi maggiormente legati al business, come i benefici che porta l\u2019introduzione di un eCommerce.<br \/>\n<\/span><\/p>\n<p><span style=\"font-size: 15pt; font-family: ubuntu;\">All\u2019<span style=\"color: #ff0000;\"><strong>interno di PLAS<\/strong><\/span> abbiamo poi diversi <strong><span style=\"color: #ff0000;\">momenti di formazione<\/span><\/strong> e di <span style=\"color: #ff0000;\"><strong>confronto<\/strong> <\/span>con gli altri colleghi che ci permettono di esplorare nuovi temi e sviluppare competenze.<br \/>\n<\/span><\/p><\/blockquote>\n<p>&nbsp;<\/p>\n<h1><span style=\"font-size: 16pt; font-family: ubuntu;\"><b><i> Come si svolge una tua giornata tipo in BIP come Enterprise Architect? Ci sono attivit\u00e0 o riunioni ricorrenti che caratterizzano la tua routine? \u00a0<\/i><\/b><\/span><\/h1>\n<blockquote><p><span style=\"font-size: 15pt; font-family: ubuntu;\">Anche questa \u00e8 una domanda complessa, dato che \u00e8 difficile descrivere la giornata tipo di un Enterprise Architect, o pi\u00f9 in generale di un Consulente BIP.<br \/>\nDi norma ho diverse riunioni ricorrenti che facciamo sia tra colleghi, per allinearci sulle attivit\u00e0 svolte o da svolgere, che con il cliente, per condividere e rivedere insieme il lavoro svolto.<br \/>\nIn tutto ci\u00f2, mi ritaglio del tempo produttivo, cio\u00e8 del tempo che uso per portare avanti e completare i diversi task e attivit\u00e0 progettuali.<\/span><\/p>\n<p><span style=\"font-size: 15pt; font-family: ubuntu;\">Infine, prima di staccare la sera preparo un elenco con le diverse attivit\u00e0 che dovr\u00f2 fare il giorno seguente e verifico di aver completato tutti i task odierni.<br \/>\n<\/span><\/p><\/blockquote>\n<p>&nbsp;<\/p>\n<h1><span style=\"font-size: 16pt; font-family: ubuntu;\"><b><i> Quali sono le principali interfacce o figure professionali con cui collabori regolarmente?<\/i><\/b><\/span><\/h1>\n<blockquote><p><span style=\"font-size: 15pt; font-family: ubuntu;\">Quotidianamente collaboro con colleghi per completare e lavorare insieme ad una specifica attivit\u00e0 o confrontarci sul modo migliore di approcciarsi ad un problema.<br \/>\nNella gestione del cliente, invece mi rapporto spesso con il nostro referente progettuale, che nella maggior parte dei casi \u00e8 il <em>responsabile della funzione di architetture<\/em> o, in altri casi, \u00e8 il <span style=\"color: #ff0000;\"><strong><em>Chief Information Officer<\/em><\/strong><\/span>.<\/span><\/p><\/blockquote>\n<p>&nbsp;<\/p>\n<h1><span style=\"font-size: 16pt; font-family: ubuntu;\"><b><i>Quali sono le principali sfide che affronti quotidianamente nel tuo ruolo e come le superi? \u00a0<\/i><\/b><\/span><\/h1>\n<blockquote><p><span style=\"font-size: 15pt; font-family: ubuntu;\">Le principali sfide che affronto sono legate strettamente alle <strong><span style=\"color: #ff0000;\">progettualit\u00e0<\/span> <\/strong>che seguo. Si tratta di capire al meglio le <span style=\"color: #ff0000;\"><strong>esigenze del cliente<\/strong><\/span> e, grazie al nostro <em>know how<\/em>, trovare l\u2019approccio migliore per svolgere delle analisi e identificare una soluzione che sia in linea con quanto ci \u00e8 stato richiesto.<br \/>\n<\/span><\/p><\/blockquote>\n<p>&nbsp;<\/p>\n<h1><span style=\"font-size: 16pt; font-family: ubuntu;\"><b><i>Come interagisci con gli altri team all&#8217;interno di BIP?<br \/>\n<\/i><\/b><\/span><\/h1>\n<blockquote><p><span style=\"font-size: 15pt; font-family: ubuntu;\">In BIP adottiamo ove \u00e8 possibile il <strong><span style=\"color: #ff0000;\">remote work<\/span><\/strong> come principale modalit\u00e0 di lavoro. Quando non siamo in ufficio, dove \u00e8 ovviamente pi\u00f9 comodo e veloce parlarsi di persona, il metodo di comunicazione che usiamo maggiormente \u00e8 la mail o, in alternativa, dei meeting organizzati su Teams.<\/span><\/p><\/blockquote>\n<p>&nbsp;<\/p>\n<h1><span style=\"font-size: 16pt; font-family: ubuntu;\"><b><i>Cosa ti appassiona maggiormente del tuo ruolo e cosa lo rende unico rispetto ad altre posizioni in BIP? \u00a0<\/i><\/b><\/span><\/h1>\n<blockquote><p><span style=\"font-size: 15pt; font-family: ubuntu;\">La cosa che pi\u00f9 mi appassiona \u00e8 la <strong><span style=\"color: #ff0000;\">grande dinamicit\u00e0<\/span><\/strong> di questo lavoro. Infatti, nonostante le diverse progettualit\u00e0 possano essere simili tra loro, ci mettono sempre davanti a delle <strong><span style=\"color: #ff0000;\">sfide nuove<\/span><\/strong> e che richiedono nuove soluzioni per essere affrontate. Inoltre, da appassionato di tecnologia, ho l\u2019opportunit\u00e0 di confrontarmi quotidianamente con nuovi strumenti e le tecnologie pi\u00f9 avanzate.<br \/>\n<\/span><\/p><\/blockquote>\n<p>&nbsp;<\/p>\n<p><!--more--><\/p>\n<h1><span style=\"font-size: 16pt; font-family: ubuntu; color: #ffffff;\"><a id=\"header4\"><\/a><b>\u00a0<span style=\"background-color: #0c2440;\">Progetti e Innovazione<\/span><\/b><\/span><\/h1>\n<h1><span style=\"font-size: 16pt; font-family: ubuntu;\"><b><i>Puoi condividere con noi un progetto innovativo su cui hai lavorato recentemente e che ti ha particolarmente entusiasmato?<br \/>\n<\/i><\/b><\/span><\/h1>\n<blockquote><p><span style=\"font-size: 15pt; font-family: ubuntu;\">Uno dei progetti pi\u00f9 complessi ma che mi ha pi\u00f9 appassionato \u00e8 stata la mappatura e la progettazione dell\u2019architettura evolutiva del sito istituzionale e dell\u2019eCommerce del nostro cliente, un\u2019azienda manifatturiera leader nella produzione di caff\u00e8 di alta qualit\u00e0. In particolare, in una prima fase progettuale, abbiamo mappato l\u2019architettura presente e, grazie a delle analisi svolte, abbiamo identificato le principali criticit\u00e0. In seguito, abbiamo proposto diversi scenari evolutivi che, grazie all\u2019uso delle ultime tecnologie (e.g. <em>front-end headless<\/em>), permettessero di risolvere le problematiche identificate e traguardassero i requisiti sia di business che strategici.<\/span><\/p><\/blockquote>\n<p>&nbsp;<\/p>\n<h1><span style=\"font-size: 16pt; font-family: ubuntu;\"><b><i>Quali tendenze emergenti vedi nel campo dell&#8217;architettura aziendale e come BIP si sta posizionando in questo contesto? \u00a0<\/i><\/b><\/span><\/h1>\n<blockquote><p><span style=\"font-size: 15pt; font-family: ubuntu;\">In futuro credo che ricopriranno un ruolo sempre pi\u00f9 centrale e un\u2019adozione sempre maggiore i tool di Enterprise Architecture, strumenti che permettono di centralizzare le informazioni architetturali e diffonderle in modo chiaro in tutta l\u2019azienda. In BIP \u00e8 presente un team di lavoro specializzato e verticale sul loro uso e introduzione nei nostri clienti e, inoltre, \u00e8 stata recentemente stretta una partnership con i principali vendor di EA tool.<br \/>\n<\/span><\/p><\/blockquote>\n<p>&nbsp;<\/p>\n<p><!--more--><\/p>\n<h1><span style=\"font-size: 16pt; font-family: ubuntu; color: #ffffff;\"><a id=\"header5\"><\/a><b><span style=\"background-color: #0c2440;\">Formazione e Carriera con il Corso di Perfezionamento di BIP e Cefriel<\/span><\/b><\/span><\/h1>\n<h1><span style=\"font-size: 16pt; font-family: ubuntu;\"><b><i>Parliamo del corso gratuito promosso da BIP e Cefriel. In che modo ritieni che questa formazione possa preparare i giovani professionisti ad affrontare le sfide del tuo settore?<br \/>\n<\/i><\/b><\/span><\/h1>\n<blockquote><p><span style=\"font-size: 15pt; font-family: ubuntu;\">\u00c8 sicuramente una grande opportunit\u00e0 per conoscere ed approfondire tematiche che sono di primaria importanza per un architetto. Inoltre, la partnership tra BIP e Cefriel permetter\u00e0 al corso di avere un<span style=\"color: #ff0000;\"><strong> taglio molto professionale<\/strong><\/span> e ricco di esempi o business case basati su <span style=\"color: #ff0000;\"><strong>progettualit\u00e0 reali<\/strong><\/span>.<\/span><\/p><\/blockquote>\n<p>&nbsp;<\/p>\n<h1><span style=\"font-size: 16pt; font-family: ubuntu;\"><b><i>Se un giovane stesse valutando la carriera di Enterprise Architect, quali consigli gli\/le daresti? Ci sono particolari sfide o aspetti del ruolo che dovrebbe considerare? \u00a0<\/i><\/b><\/span><\/h1>\n<blockquote><p><span style=\"font-size: 15pt; font-family: ubuntu;\">Di buttarsi in questo mondo cos\u00ec dinamico e in costante evoluzione! Ovviamente \u00e8 di aiuto essere attratti dal mondo tecnologico ed avere la curiosit\u00e0 di sapere e capire come, da un punto di vista tecnologico, si possono supportare ed efficientare i processi aziendali.<br \/>\n<\/span><\/p><\/blockquote>\n<p>&nbsp;<\/p>\n<p><!--more--><\/p>\n<h1><span style=\"font-size: 16pt; font-family: ubuntu; color: #ffffff;\"><b><a id=\"header6\"><\/a><span style=\"background-color: #0c2440;\">Ambiente di lavoro nella value line PLAS di BIP<\/span><\/b><\/span><\/h1>\n<h1><span style=\"font-size: 16pt; font-family: ubuntu;\"><b><i>Potresti presentarci brevemente la value line PLAS? Qual \u00e8 il suo ruolo all&#8217;interno di BIP e quali sono le sue principali responsabilit\u00e0?<br \/>\n<\/i><\/b><\/span><\/h1>\n<blockquote><p><span style=\"font-size: 15pt; font-family: ubuntu;\">La value line PLAS \u00e8 un team composto da <strong><span style=\"color: #ff0000;\">pi\u00f9 di 30 professionisti<\/span><\/strong>, specializzati in Enterprise Architecture. All\u2019interno di BIP cerchiamo di essere il punto di riferimento per le tematiche legate al mondo dell\u2019Enterprise Architecture, e centralizzare le competenze cos\u00ec da poter supportare tutte le progettualit\u00e0 ed esigenze che lo necessitano.<\/span><\/p><\/blockquote>\n<p>&nbsp;<\/p>\n<h1><span style=\"font-size: 16pt; font-family: ubuntu;\"><b><i>Come interagisce la value line PLAS con gli altri team all&#8217;interno dell&#8217;azienda?\u00a0<\/i><\/b><\/span><\/h1>\n<blockquote><p><span style=\"font-size: 15pt; font-family: ubuntu;\">Come Value Line, ci posizioniamo in modo trasversale all\u2019interno di BIP. Le nostre competenze di architetti sono quindi a disposizione di tutte le altre aree di business, sia italiane che esterne. Queste, in caso di necessit\u00e0, chiedono il nostro supporto su specifici progetti.<br \/>\n<\/span><\/p><\/blockquote>\n<p>&nbsp;<\/p>\n<h1><span style=\"font-size: 16pt; font-family: ubuntu;\"><b><i>Come descriveresti l&#8217;atmosfera e la cultura lavorativa all&#8217;interno della value line PLAS?<br \/>\n<\/i><\/b><\/span><\/h1>\n<blockquote><p><span style=\"font-size: 15pt; font-family: ubuntu;\">In PLAS ho trovato un <strong><span style=\"color: #ff0000;\">ambiente molto giovane<\/span><\/strong> and <strong><span style=\"color: #ff0000;\">dinamico<\/span><\/strong>, con tante attivit\u00e0 nuove da approfondire e portare a termine. Inoltre, vista la crescita che stiamo avendo sia come BIP che come value line, \u00e8 un ambiente stimolante e pieno di nuove opportunit\u00e0 per mettersi alla prova.<\/span><\/p><\/blockquote>\n<p>&nbsp;<\/p>\n<h1><span style=\"font-size: 16pt; font-family: ubuntu;\"><b><i>Ci sono particolari progetti o iniziative di cui la value line PLAS \u00e8 particolarmente orgogliosa?\u00a0<\/i><\/b><\/span><\/h1>\n<blockquote><p><span style=\"font-size: 15pt; font-family: ubuntu;\">Ci sono due <em>milestone<\/em> importanti nella nostra storia. La prima \u00e8 datata 2022, quando siamo stati riconosciuti da BIP come Value Line, e abbiamo avuto l\u2019occasione di presentarci e raccontarci a tutta l\u2019azienda. Una seconda milestone di grande importanza nella nostra storia \u00e8 questo corso, erogato in partnership con il Cefriel, che permetter\u00e0 a <strong><span style=\"color: #ff0000;\">nuovi futuri colleghi<\/span><\/strong> di conoscere il mondo dell\u2019Enterprise Architecture e formarsi al meglio sul tema.<\/span><\/p><\/blockquote>\n<p>&nbsp;<\/p>\n<h1><span style=\"font-size: 16pt; font-family: ubuntu;\"><b><i>Come vedi il futuro della value line PLAS in BIP? Ci sono particolari sfide o obiettivi che il team si prefigge?<br \/>\n<\/i><\/b><\/span><\/h1>\n<blockquote><p><span style=\"font-size: 15pt; font-family: ubuntu;\">Per PLAS vedo un futuro roseo, dato che ad oggi siamo un team in grande crescita, sia come <em>practice<\/em> che numerosit\u00e0 di clienti che supportiamo. Vedo un ulteriore step in avanti nel medio termine grazie sia alle <span style=\"color: #ff0000;\"><strong>nuove opportunit\u00e0<\/strong> <\/span>and <strong><span style=\"color: #ff0000;\">clienti<\/span> <\/strong>che si presenteranno, ma soprattutto grazie al percorso di formazione interna che abbiamo intrapreso.<\/span><\/p><\/blockquote>\n<p>&nbsp;<\/p>\n<h1><span style=\"font-size: 16pt; font-family: ubuntu;\"><b><i>Quali opportunit\u00e0 di crescita e formazione offre la value line PLAS ai suoi membri?\u00a0<\/i><\/b><\/span><\/h1>\n<blockquote><p><span style=\"font-size: 15pt; font-family: ubuntu;\">La value line PLAS, oltre che tutta BIP, offre moltissime <span style=\"color: #ff0000;\"><strong>opportunities<\/strong><\/span> legate alla <strong><span style=\"color: #ff0000;\">training<\/span><\/strong>. Eroghiamo una grande quantit\u00e0 di <strong><span style=\"color: #ff0000;\">corsi<\/span> <\/strong>che permettono di acquisire e specializzare una serie di competenze verticali. Come PLAS, inoltre, abbiamo intrapreso un percorso di formazione interna che comprende diversi format di training specifici per gli Enterprise Architect (spaziando da tematiche di business a tematiche tecnologiche) e che includono anche certificazioni tra cui quella TOGAF, uno dei principali standard in ambito EA. Abbiamo inoltre all\u2019interno di PLAS alcuni \u201c<strong><em><span style=\"color: #ff0000;\">incubator<\/span><\/em><\/strong>\u201d, degli spazi di lavoro che ci permettono di approfondire nuove tematiche, studiare nuovi trend e sperimentare strumenti, metodologie e tecnologie per acquisire nuove competenze ad integrazione della formazione e del <strong><span style=\"color: #ff0000;\">training on the job<\/span><\/strong>.<\/span><\/p><\/blockquote>\n<p>&nbsp;<\/p>\n<p><!--more--><\/p>\n<h1><span style=\"font-size: 16pt; font-family: ubuntu; color: #ffffff;\"><a id=\"header7\"><\/a><b><span style=\"background-color: #0c2440;\">Conclusione<\/span><\/b><\/span><\/h1>\n<h1><span style=\"font-size: 16pt; font-family: ubuntu;\"><b><i>Dopo tutto quello che hai condiviso oggi, quale consiglio daresti al Nicol\u00f2 che ha iniziato il suo percorso in BIP anni fa?<br \/>\n<\/i><\/b><\/span><\/h1>\n<blockquote><p><span style=\"font-size: 15pt; font-family: ubuntu;\">Di prendere al balzo ogni opportunit\u00e0! Due anni fa, ai tempi dell\u2019universit\u00e0, non avrei mai pensato di lavorare come Enterprise Architect, ma cogliendo l\u2019opportunit\u00e0 che mi si \u00e8 presentata ho scoperto che il <strong><span style=\"color: #ff0000;\">lavoro<\/span> <\/strong>pu\u00f2 anche essere una <strong><span style=\"color: #ff0000;\">passione<\/span><\/strong>!<\/span><\/p><\/blockquote>\n<p>&nbsp;<\/p>\n<h1><span style=\"font-size: 16pt; font-family: ubuntu;\"><b><i> Guardando al futuro, quali sono i tuoi obiettivi professionali per i prossimi anni? C&#8217;\u00e8 un particolare traguardo che speri di raggiungere in BIP?\u00a0<\/i><\/b><\/span><\/h1>\n<blockquote><p><span style=\"font-size: 15pt; font-family: ubuntu;\">Personalmente mi sono prefissato degli obiettivi ambiziosi e sfidanti. Vorrei infatti crescere e formarmi ulteriormente per conoscere al meglio le architetture legate al mondo Digital &amp; eCommerce.<br \/>\n<\/span><\/p><\/blockquote>\n<p>&nbsp;<\/p>\n<h1><span style=\"font-size: 16pt; font-family: ubuntu;\"><b><i>Per tutti i ragazzi della Community VGen appassionati di architettura d&#8217;impresa che stanno leggendo questa intervista, c&#8217;\u00e8 un messaggio o un incoraggiamento che vorresti trasmettere?<br \/>\n<\/i><\/b><\/span><\/h1>\n<blockquote><p><span style=\"font-size: 15pt; font-family: ubuntu;\">Sfrutta ogni occasione che hai di <span style=\"color: #ff0000;\"><strong>imparare<\/strong><\/span>, <strong><span style=\"color: #ff0000;\">migliorare<\/span> <\/strong>and <span style=\"color: #ff0000;\"><strong>crescere<\/strong><\/span>. Nessuna sfida \u00e8 troppo complessa se affrontata con costanza, conoscenza dei sistemi e metodo. Sviluppare nuove competenze ti porteranno senz\u2019altro a raggiungere i tuoi obiettivi, anche quelli pi\u00f9 sfidanti.<\/span><\/p><\/blockquote>\n<p><!--more--><\/p>\n<p><!--more--><\/p>\n<p><span style=\"font-family: ubuntu; font-size: 20px;\">E con questo, concludiamo la nostra intervista con Nicol\u00f2. Un grande ringraziamento a lui per aver condiviso con noi le sue esperienze e intuizioni come <em>Consultant<\/em> ed <em>Enterprise Architect<\/em> nella value line PLAS di BIP. Abbiamo avuto l&#8217;opportunit\u00e0 di avere uno sguardo approfondito su questo corso gratuito e altamente professionalizzante. Speriamo che tutti i membri della Community VGen abbiano trovato questo contenuto interessante. Grazie per la lettura e continuate a seguirci per altre interviste interessanti!\u00a0<\/span><\/p>\n<p>&nbsp;<\/p>\n<p><!--more--><\/p>","protected":false},"excerpt":{"rendered":"<p>Con Nicol\u00f2 Busnelli di BIP, esploriamo il suo percorso dall&#8217;Ingegneria Aerospaziale all&#8217;Enterprise Architect. Con un occhio alla formazione continua e all&#8217;innovazione, Nicol\u00f2 ci svela i segreti dietro alla consulenza strategica e la gestione delle trasformazioni digitali e ci racconta delle opportunit\u00e0 di carriera e formazione lanciate da BIP.<\/p>","protected":false},"author":217,"featured_media":77246,"comment_status":"open","ping_status":"open","sticky":false,"template":"","format":"video","meta":{"_acf_changed":false,"footnotes":""},"categories":[2870,2635,2790,2628],"tags":[2798,2958,2957,2956,2955,2954,2953,2952,2951,981,2752,2737,2732,2729,2728,2670,2621],"class_list":["post-77075","post","type-post","status-publish","format-video","has-post-thumbnail","hentry","category-per-aziende","category-approfondimenti","category-blog","category-interviste","tag-stem","tag-consulenza-it","tag-oppurtunita-di-carriera","tag-formazione-gratuita","tag-corso","tag-corso-di-perfezionamento","tag-enterprise-architecture","tag-enterprise-architect","tag-consultant","tag-consulenza","tag-cefriel","tag-bip","tag-ingegneria","tag-polimi","tag-politecnico-di-milano","tag-carriera","tag-it","post_format-post-format-video"],"acf":[],"yoast_head":"<!-- This site is optimized with the Yoast SEO plugin v28.2 - https:\/\/yoast.com\/product\/yoast-seo-wordpress\/ -->\n<title>VGen Blog - Dietro le Quinte dell\u2019Enterprise Architect: L\u2019Esperienza di Nicol\u00f2 Busnelli<\/title>\n<meta name=\"description\" content=\"Scopri l&#039;esperienza e il ruolo di di Nicol\u00f2 Busnelli come Consultant &amp; Enterprise Architect nella value line PLAS di BIP.\" \/>\n<meta name=\"robots\" content=\"index, follow, max-snippet:-1, max-image-preview:large, max-video-preview:-1\" \/>\n<link rel=\"canonical\" href=\"https:\/\/www.vgen.it\/en\/dietro-le-quinte-enterprise-architect-esperienza-di-nicolo-busnelli-consultant-valueline-plas-bip\/\" \/>\n<meta property=\"og:locale\" content=\"en_GB\" \/>\n<meta property=\"og:type\" content=\"article\" \/>\n<meta property=\"og:title\" content=\"VGen Blog | Dietro le Quinte dell\u2019Enterprise Architect: L\u2019Esperienza di Nicol\u00f2 Busnelli\" \/>\n<meta property=\"og:description\" content=\"Scopri l&#039;esperienza e il ruolo di di Nicol\u00f2 Busnelli come Consultant &amp; Enterprise Architect nella value line PLAS di BIP.\" \/>\n<meta property=\"og:url\" content=\"https:\/\/www.vgen.it\/en\/dietro-le-quinte-enterprise-architect-esperienza-di-nicolo-busnelli-consultant-valueline-plas-bip\/\" \/>\n<meta property=\"og:site_name\" content=\"VGen\" \/>\n<meta property=\"article:publisher\" content=\"https:\/\/www.facebook.com\/v0gen\" \/>\n<meta property=\"article:published_time\" content=\"2023-10-31T14:56:15+00:00\" \/>\n<meta property=\"article:modified_time\" content=\"2023-11-15T11:44:39+00:00\" \/>\n<meta property=\"og:image\" content=\"https:\/\/www.vgen.it\/wp-content\/uploads\/2023\/10\/copertina-articolo-nicolo-corso-di-perfezionamento-enterprise-architecture-1.png\" \/>\n\t<meta property=\"og:image:width\" content=\"1920\" \/>\n\t<meta property=\"og:image:height\" content=\"1080\" \/>\n\t<meta property=\"og:image:type\" content=\"image\/png\" \/>\n<meta name=\"author\" content=\"redazione\" \/>\n<meta name=\"twitter:card\" content=\"summary_large_image\" \/>\n<meta name=\"twitter:label1\" content=\"Written by\" \/>\n\t<meta name=\"twitter:data1\" content=\"redazione\" \/>\n\t<meta name=\"twitter:label2\" content=\"Estimated reading time\" \/>\n\t<meta name=\"twitter:data2\" content=\"12 minutes\" \/>\n<script type=\"application\/ld+json\" class=\"yoast-schema-graph\">{\"@context\":\"https:\\\/\\\/schema.org\",\"@graph\":[{\"@type\":\"Article\",\"@id\":\"https:\\\/\\\/www.vgen.it\\\/dietro-le-quinte-enterprise-architect-esperienza-di-nicolo-busnelli-consultant-valueline-plas-bip\\\/#article\",\"isPartOf\":{\"@id\":\"https:\\\/\\\/www.vgen.it\\\/dietro-le-quinte-enterprise-architect-esperienza-di-nicolo-busnelli-consultant-valueline-plas-bip\\\/\"},\"author\":{\"name\":\"redazione\",\"@id\":\"https:\\\/\\\/www.vgen.it\\\/it\\\/#\\\/schema\\\/person\\\/ba208cb15096c7553ed2dbd67775d1e1\"},\"headline\":\"Dietro le Quinte dell&#8217;Enterprise Architect: L&#8217;Esperienza di Nicol\u00f2 Busnelli, Consultant nella value line PLAS di BIP\",\"datePublished\":\"2023-10-31T14:56:15+00:00\",\"dateModified\":\"2023-11-15T11:44:39+00:00\",\"mainEntityOfPage\":{\"@id\":\"https:\\\/\\\/www.vgen.it\\\/dietro-le-quinte-enterprise-architect-esperienza-di-nicolo-busnelli-consultant-valueline-plas-bip\\\/\"},\"wordCount\":2431,\"commentCount\":0,\"publisher\":{\"@id\":\"https:\\\/\\\/www.vgen.it\\\/it\\\/#organization\"},\"image\":{\"@id\":\"https:\\\/\\\/www.vgen.it\\\/dietro-le-quinte-enterprise-architect-esperienza-di-nicolo-busnelli-consultant-valueline-plas-bip\\\/#primaryimage\"},\"thumbnailUrl\":\"https:\\\/\\\/www.vgen.it\\\/wp-content\\\/uploads\\\/2023\\\/10\\\/copertina-articolo-nicolo-corso-di-perfezionamento-enterprise-architecture-1.png\",\"keywords\":[\"stem\",\"consulenza it\",\"oppurtunit\u00e0 di carriera\",\"formazione gratuita\",\"corso\",\"Corso di Perfezionamento\",\"enterprise architecture\",\"enterprise architect\",\"consultant\",\"consulenza\",\"Cefriel\",\"BIP\",\"ingegneria\",\"PoliMi\",\"Politecnico di Milano\",\"carriera\",\"IT\"],\"articleSection\":[\"Per aziende\",\"Approfondimenti\",\"Blog\",\"Interviste\"],\"inLanguage\":\"en-GB\",\"potentialAction\":[{\"@type\":\"CommentAction\",\"name\":\"Comment\",\"target\":[\"https:\\\/\\\/www.vgen.it\\\/dietro-le-quinte-enterprise-architect-esperienza-di-nicolo-busnelli-consultant-valueline-plas-bip\\\/#respond\"]}]},{\"@type\":\"WebPage\",\"@id\":\"https:\\\/\\\/www.vgen.it\\\/dietro-le-quinte-enterprise-architect-esperienza-di-nicolo-busnelli-consultant-valueline-plas-bip\\\/\",\"url\":\"https:\\\/\\\/www.vgen.it\\\/dietro-le-quinte-enterprise-architect-esperienza-di-nicolo-busnelli-consultant-valueline-plas-bip\\\/\",\"name\":\"VGen Blog - Dietro le Quinte dell\u2019Enterprise Architect: L\u2019Esperienza di Nicol\u00f2 Busnelli\",\"isPartOf\":{\"@id\":\"https:\\\/\\\/www.vgen.it\\\/it\\\/#website\"},\"primaryImageOfPage\":{\"@id\":\"https:\\\/\\\/www.vgen.it\\\/dietro-le-quinte-enterprise-architect-esperienza-di-nicolo-busnelli-consultant-valueline-plas-bip\\\/#primaryimage\"},\"image\":{\"@id\":\"https:\\\/\\\/www.vgen.it\\\/dietro-le-quinte-enterprise-architect-esperienza-di-nicolo-busnelli-consultant-valueline-plas-bip\\\/#primaryimage\"},\"thumbnailUrl\":\"https:\\\/\\\/www.vgen.it\\\/wp-content\\\/uploads\\\/2023\\\/10\\\/copertina-articolo-nicolo-corso-di-perfezionamento-enterprise-architecture-1.png\",\"datePublished\":\"2023-10-31T14:56:15+00:00\",\"dateModified\":\"2023-11-15T11:44:39+00:00\",\"description\":\"Scopri l'esperienza e il ruolo di di Nicol\u00f2 Busnelli come Consultant & Enterprise Architect nella value line PLAS di BIP.\",\"breadcrumb\":{\"@id\":\"https:\\\/\\\/www.vgen.it\\\/dietro-le-quinte-enterprise-architect-esperienza-di-nicolo-busnelli-consultant-valueline-plas-bip\\\/#breadcrumb\"},\"inLanguage\":\"en-GB\",\"potentialAction\":[{\"@type\":\"ReadAction\",\"target\":[\"https:\\\/\\\/www.vgen.it\\\/dietro-le-quinte-enterprise-architect-esperienza-di-nicolo-busnelli-consultant-valueline-plas-bip\\\/\"]}]},{\"@type\":\"ImageObject\",\"inLanguage\":\"en-GB\",\"@id\":\"https:\\\/\\\/www.vgen.it\\\/dietro-le-quinte-enterprise-architect-esperienza-di-nicolo-busnelli-consultant-valueline-plas-bip\\\/#primaryimage\",\"url\":\"https:\\\/\\\/www.vgen.it\\\/wp-content\\\/uploads\\\/2023\\\/10\\\/copertina-articolo-nicolo-corso-di-perfezionamento-enterprise-architecture-1.png\",\"contentUrl\":\"https:\\\/\\\/www.vgen.it\\\/wp-content\\\/uploads\\\/2023\\\/10\\\/copertina-articolo-nicolo-corso-di-perfezionamento-enterprise-architecture-1.png\",\"width\":1920,\"height\":1080},{\"@type\":\"BreadcrumbList\",\"@id\":\"https:\\\/\\\/www.vgen.it\\\/dietro-le-quinte-enterprise-architect-esperienza-di-nicolo-busnelli-consultant-valueline-plas-bip\\\/#breadcrumb\",\"itemListElement\":[{\"@type\":\"ListItem\",\"position\":1,\"name\":\"Home\",\"item\":\"https:\\\/\\\/www.vgen.it\\\/\"},{\"@type\":\"ListItem\",\"position\":2,\"name\":\"Dietro le Quinte dell&#8217;Enterprise Architect: L&#8217;Esperienza di Nicol\u00f2 Busnelli, Consultant nella value line PLAS di BIP\"}]},{\"@type\":\"WebSite\",\"@id\":\"https:\\\/\\\/www.vgen.it\\\/it\\\/#website\",\"url\":\"https:\\\/\\\/www.vgen.it\\\/it\\\/\",\"name\":\"VGen\",\"description\":\"Connecting Companies with New Generations\",\"publisher\":{\"@id\":\"https:\\\/\\\/www.vgen.it\\\/it\\\/#organization\"},\"potentialAction\":[{\"@type\":\"SearchAction\",\"target\":{\"@type\":\"EntryPoint\",\"urlTemplate\":\"https:\\\/\\\/www.vgen.it\\\/it\\\/?s={search_term_string}\"},\"query-input\":{\"@type\":\"PropertyValueSpecification\",\"valueRequired\":true,\"valueName\":\"search_term_string\"}}],\"inLanguage\":\"en-GB\"},{\"@type\":\"Organization\",\"@id\":\"https:\\\/\\\/www.vgen.it\\\/it\\\/#organization\",\"name\":\"VGen\",\"url\":\"https:\\\/\\\/www.vgen.it\\\/it\\\/\",\"logo\":{\"@type\":\"ImageObject\",\"inLanguage\":\"en-GB\",\"@id\":\"https:\\\/\\\/www.vgen.it\\\/it\\\/#\\\/schema\\\/logo\\\/image\\\/\",\"url\":\"https:\\\/\\\/www.vgen.it\\\/wp-content\\\/uploads\\\/2019\\\/11\\\/vgen2.jpg\",\"contentUrl\":\"https:\\\/\\\/www.vgen.it\\\/wp-content\\\/uploads\\\/2019\\\/11\\\/vgen2.jpg\",\"width\":2100,\"height\":2100,\"caption\":\"VGen\"},\"image\":{\"@id\":\"https:\\\/\\\/www.vgen.it\\\/it\\\/#\\\/schema\\\/logo\\\/image\\\/\"},\"sameAs\":[\"https:\\\/\\\/www.facebook.com\\\/v0gen\",\"https:\\\/\\\/www.instagram.com\\\/vgen_ig\\\/\",\"https:\\\/\\\/www.linkedin.com\\\/company\\\/vgen\\\/\",\"https:\\\/\\\/www.youtube.com\\\/channel\\\/UCoOsUJXt0ZwPGy2JkHHFZ5A\"]},{\"@type\":\"Person\",\"@id\":\"https:\\\/\\\/www.vgen.it\\\/it\\\/#\\\/schema\\\/person\\\/ba208cb15096c7553ed2dbd67775d1e1\",\"name\":\"redazione\",\"image\":{\"@type\":\"ImageObject\",\"inLanguage\":\"en-GB\",\"@id\":\"https:\\\/\\\/secure.gravatar.com\\\/avatar\\\/f9212553c6e4419653bedaed6c7eef0609e62979e8d65b67c3ddd22057532407?s=96&d=mm&r=g\",\"url\":\"https:\\\/\\\/secure.gravatar.com\\\/avatar\\\/f9212553c6e4419653bedaed6c7eef0609e62979e8d65b67c3ddd22057532407?s=96&d=mm&r=g\",\"contentUrl\":\"https:\\\/\\\/secure.gravatar.com\\\/avatar\\\/f9212553c6e4419653bedaed6c7eef0609e62979e8d65b67c3ddd22057532407?s=96&d=mm&r=g\",\"caption\":\"redazione\"},\"url\":\"https:\\\/\\\/www.vgen.it\\\/en\\\/author\\\/redazione\\\/\"}]}<\/script>\n<!-- \/ Yoast SEO plugin. -->","yoast_head_json":{"title":"VGen Blog - Dietro le Quinte dell\u2019Enterprise Architect: L\u2019Esperienza di Nicol\u00f2 Busnelli","description":"Scopri l'esperienza e il ruolo di di Nicol\u00f2 Busnelli come Consultant & Enterprise Architect nella value line PLAS di BIP.","robots":{"index":"index","follow":"follow","max-snippet":"max-snippet:-1","max-image-preview":"max-image-preview:large","max-video-preview":"max-video-preview:-1"},"canonical":"https:\/\/www.vgen.it\/en\/dietro-le-quinte-enterprise-architect-esperienza-di-nicolo-busnelli-consultant-valueline-plas-bip\/","og_locale":"en_GB","og_type":"article","og_title":"VGen Blog | Dietro le Quinte dell\u2019Enterprise Architect: L\u2019Esperienza di Nicol\u00f2 Busnelli","og_description":"Scopri l'esperienza e il ruolo di di Nicol\u00f2 Busnelli come Consultant & Enterprise Architect nella value line PLAS di BIP.","og_url":"https:\/\/www.vgen.it\/en\/dietro-le-quinte-enterprise-architect-esperienza-di-nicolo-busnelli-consultant-valueline-plas-bip\/","og_site_name":"VGen","article_publisher":"https:\/\/www.facebook.com\/v0gen","article_published_time":"2023-10-31T14:56:15+00:00","article_modified_time":"2023-11-15T11:44:39+00:00","og_image":[{"width":1920,"height":1080,"url":"https:\/\/www.vgen.it\/wp-content\/uploads\/2023\/10\/copertina-articolo-nicolo-corso-di-perfezionamento-enterprise-architecture-1.png","type":"image\/png"}],"author":"redazione","twitter_card":"summary_large_image","twitter_misc":{"Written by":"redazione","Estimated reading time":"12 minutes"},"schema":{"@context":"https:\/\/schema.org","@graph":[{"@type":"Article","@id":"https:\/\/www.vgen.it\/dietro-le-quinte-enterprise-architect-esperienza-di-nicolo-busnelli-consultant-valueline-plas-bip\/#article","isPartOf":{"@id":"https:\/\/www.vgen.it\/dietro-le-quinte-enterprise-architect-esperienza-di-nicolo-busnelli-consultant-valueline-plas-bip\/"},"author":{"name":"redazione","@id":"https:\/\/www.vgen.it\/it\/#\/schema\/person\/ba208cb15096c7553ed2dbd67775d1e1"},"headline":"Dietro le Quinte dell&#8217;Enterprise Architect: L&#8217;Esperienza di Nicol\u00f2 Busnelli, Consultant nella value line PLAS di BIP","datePublished":"2023-10-31T14:56:15+00:00","dateModified":"2023-11-15T11:44:39+00:00","mainEntityOfPage":{"@id":"https:\/\/www.vgen.it\/dietro-le-quinte-enterprise-architect-esperienza-di-nicolo-busnelli-consultant-valueline-plas-bip\/"},"wordCount":2431,"commentCount":0,"publisher":{"@id":"https:\/\/www.vgen.it\/it\/#organization"},"image":{"@id":"https:\/\/www.vgen.it\/dietro-le-quinte-enterprise-architect-esperienza-di-nicolo-busnelli-consultant-valueline-plas-bip\/#primaryimage"},"thumbnailUrl":"https:\/\/www.vgen.it\/wp-content\/uploads\/2023\/10\/copertina-articolo-nicolo-corso-di-perfezionamento-enterprise-architecture-1.png","keywords":["stem","consulenza it","oppurtunit\u00e0 di carriera","formazione gratuita","corso","Corso di Perfezionamento","enterprise architecture","enterprise architect","consultant","consulenza","Cefriel","BIP","ingegneria","PoliMi","Politecnico di Milano","carriera","IT"],"articleSection":["Per aziende","Approfondimenti","Blog","Interviste"],"inLanguage":"en-GB","potentialAction":[{"@type":"CommentAction","name":"Comment","target":["https:\/\/www.vgen.it\/dietro-le-quinte-enterprise-architect-esperienza-di-nicolo-busnelli-consultant-valueline-plas-bip\/#respond"]}]},{"@type":"WebPage","@id":"https:\/\/www.vgen.it\/dietro-le-quinte-enterprise-architect-esperienza-di-nicolo-busnelli-consultant-valueline-plas-bip\/","url":"https:\/\/www.vgen.it\/dietro-le-quinte-enterprise-architect-esperienza-di-nicolo-busnelli-consultant-valueline-plas-bip\/","name":"VGen Blog - Dietro le Quinte dell\u2019Enterprise Architect: L\u2019Esperienza di Nicol\u00f2 Busnelli","isPartOf":{"@id":"https:\/\/www.vgen.it\/it\/#website"},"primaryImageOfPage":{"@id":"https:\/\/www.vgen.it\/dietro-le-quinte-enterprise-architect-esperienza-di-nicolo-busnelli-consultant-valueline-plas-bip\/#primaryimage"},"image":{"@id":"https:\/\/www.vgen.it\/dietro-le-quinte-enterprise-architect-esperienza-di-nicolo-busnelli-consultant-valueline-plas-bip\/#primaryimage"},"thumbnailUrl":"https:\/\/www.vgen.it\/wp-content\/uploads\/2023\/10\/copertina-articolo-nicolo-corso-di-perfezionamento-enterprise-architecture-1.png","datePublished":"2023-10-31T14:56:15+00:00","dateModified":"2023-11-15T11:44:39+00:00","description":"Scopri l'esperienza e il ruolo di di Nicol\u00f2 Busnelli come Consultant & Enterprise Architect nella value line PLAS di BIP.","breadcrumb":{"@id":"https:\/\/www.vgen.it\/dietro-le-quinte-enterprise-architect-esperienza-di-nicolo-busnelli-consultant-valueline-plas-bip\/#breadcrumb"},"inLanguage":"en-GB","potentialAction":[{"@type":"ReadAction","target":["https:\/\/www.vgen.it\/dietro-le-quinte-enterprise-architect-esperienza-di-nicolo-busnelli-consultant-valueline-plas-bip\/"]}]},{"@type":"ImageObject","inLanguage":"en-GB","@id":"https:\/\/www.vgen.it\/dietro-le-quinte-enterprise-architect-esperienza-di-nicolo-busnelli-consultant-valueline-plas-bip\/#primaryimage","url":"https:\/\/www.vgen.it\/wp-content\/uploads\/2023\/10\/copertina-articolo-nicolo-corso-di-perfezionamento-enterprise-architecture-1.png","contentUrl":"https:\/\/www.vgen.it\/wp-content\/uploads\/2023\/10\/copertina-articolo-nicolo-corso-di-perfezionamento-enterprise-architecture-1.png","width":1920,"height":1080},{"@type":"BreadcrumbList","@id":"https:\/\/www.vgen.it\/dietro-le-quinte-enterprise-architect-esperienza-di-nicolo-busnelli-consultant-valueline-plas-bip\/#breadcrumb","itemListElement":[{"@type":"ListItem","position":1,"name":"Home","item":"https:\/\/www.vgen.it\/"},{"@type":"ListItem","position":2,"name":"Dietro le Quinte dell&#8217;Enterprise Architect: L&#8217;Esperienza di Nicol\u00f2 Busnelli, Consultant nella value line PLAS di BIP"}]},{"@type":"WebSite","@id":"https:\/\/www.vgen.it\/it\/#website","url":"https:\/\/www.vgen.it\/it\/","name":"VGen","description":"Connecting Companies with New Generations","publisher":{"@id":"https:\/\/www.vgen.it\/it\/#organization"},"potentialAction":[{"@type":"SearchAction","target":{"@type":"EntryPoint","urlTemplate":"https:\/\/www.vgen.it\/it\/?s={search_term_string}"},"query-input":{"@type":"PropertyValueSpecification","valueRequired":true,"valueName":"search_term_string"}}],"inLanguage":"en-GB"},{"@type":"Organization","@id":"https:\/\/www.vgen.it\/it\/#organization","name":"VGen","url":"https:\/\/www.vgen.it\/it\/","logo":{"@type":"ImageObject","inLanguage":"en-GB","@id":"https:\/\/www.vgen.it\/it\/#\/schema\/logo\/image\/","url":"https:\/\/www.vgen.it\/wp-content\/uploads\/2019\/11\/vgen2.jpg","contentUrl":"https:\/\/www.vgen.it\/wp-content\/uploads\/2019\/11\/vgen2.jpg","width":2100,"height":2100,"caption":"VGen"},"image":{"@id":"https:\/\/www.vgen.it\/it\/#\/schema\/logo\/image\/"},"sameAs":["https:\/\/www.facebook.com\/v0gen","https:\/\/www.instagram.com\/vgen_ig\/","https:\/\/www.linkedin.com\/company\/vgen\/","https:\/\/www.youtube.com\/channel\/UCoOsUJXt0ZwPGy2JkHHFZ5A"]},{"@type":"Person","@id":"https:\/\/www.vgen.it\/it\/#\/schema\/person\/ba208cb15096c7553ed2dbd67775d1e1","name":"redazione","image":{"@type":"ImageObject","inLanguage":"en-GB","@id":"https:\/\/secure.gravatar.com\/avatar\/f9212553c6e4419653bedaed6c7eef0609e62979e8d65b67c3ddd22057532407?s=96&d=mm&r=g","url":"https:\/\/secure.gravatar.com\/avatar\/f9212553c6e4419653bedaed6c7eef0609e62979e8d65b67c3ddd22057532407?s=96&d=mm&r=g","contentUrl":"https:\/\/secure.gravatar.com\/avatar\/f9212553c6e4419653bedaed6c7eef0609e62979e8d65b67c3ddd22057532407?s=96&d=mm&r=g","caption":"redazione"},"url":"https:\/\/www.vgen.it\/en\/author\/redazione\/"}]}},"_links":{"self":[{"href":"https:\/\/www.vgen.it\/en\/wp-json\/wp\/v2\/posts\/77075","targetHints":{"allow":["GET"]}}],"collection":[{"href":"https:\/\/www.vgen.it\/en\/wp-json\/wp\/v2\/posts"}],"about":[{"href":"https:\/\/www.vgen.it\/en\/wp-json\/wp\/v2\/types\/post"}],"author":[{"embeddable":true,"href":"https:\/\/www.vgen.it\/en\/wp-json\/wp\/v2\/users\/217"}],"replies":[{"embeddable":true,"href":"https:\/\/www.vgen.it\/en\/wp-json\/wp\/v2\/comments?post=77075"}],"version-history":[{"count":51,"href":"https:\/\/www.vgen.it\/en\/wp-json\/wp\/v2\/posts\/77075\/revisions"}],"predecessor-version":[{"id":77115,"href":"https:\/\/www.vgen.it\/en\/wp-json\/wp\/v2\/posts\/77075\/revisions\/77115"}],"wp:featuredmedia":[{"embeddable":true,"href":"https:\/\/www.vgen.it\/en\/wp-json\/wp\/v2\/media\/77246"}],"wp:attachment":[{"href":"https:\/\/www.vgen.it\/en\/wp-json\/wp\/v2\/media?parent=77075"}],"wp:term":[{"taxonomy":"category","embeddable":true,"href":"https:\/\/www.vgen.it\/en\/wp-json\/wp\/v2\/categories?post=77075"},{"taxonomy":"post_tag","embeddable":true,"href":"https:\/\/www.vgen.it\/en\/wp-json\/wp\/v2\/tags?post=77075"}],"curies":[{"name":"wp","href":"https:\/\/api.w.org\/{rel}","templated":true}]}}